{"id":1654,"date":"2015-07-29T00:10:39","date_gmt":"2015-07-28T23:10:39","guid":{"rendered":"http:\/\/old.libradio.org\/?p=1654"},"modified":"2021-04-08T00:57:11","modified_gmt":"2021-04-07T23:57:11","slug":"quartier-dete","status":"publish","type":"post","link":"https:\/\/old.libradio.org\/?p=1654","title":{"rendered":"Quartiers d&rsquo;\u00c9t\u00e9"},"content":{"rendered":"<hr>\n<p>LibrAdio rejoint ses quartiers d&rsquo;\u00e9t\u00e9. Au bois, il y fait frais. La brise y m\u00e8ne les mots du Caf\u00e9 Philo. Sans compter, libradio s&rsquo;y rend vendredi 31 d\u00e8s 18h. Une radio-\u00e9mission en direct et en public, en compagnie des h\u00f4tes du Codebar. Viens nous y rencontrer et peut-\u00eatre contribuer aux d\u00e9bats c\u00e9ans.<br \/>\n&nbsp;<br \/>\nSans compter LibrAdio? Le lendemain aux v\u00eapres du jour de la patrie, lorsque S\u00e9l\u00e9n\u00e9 \u00e9teint les javelots incandescents, que ploient les fl\u00e8ches attentatoires du patriotisme, le premier ao\u00fbt, LibrAdio te propose une redif. partielle de la veille et les premiers pas in\u00e9dits de <strong><a href=\"https:\/\/old.libradio.org\/?page_id=1494\" target=\"_blank\">Radio Noctambule<\/a><\/strong>.<br \/>\n&nbsp;<br \/>\nVoici le programme en image et par \u00e9crit; quand \u00e0 toi cherE auditeurE, d\u00e9sormais tu peux \u00e9galement intervenir en direct \u00e0 l&rsquo;antenne au num\u00e9ro suivant: 077.420.62.04 d\u00e8s samedi nuit. Ci dessous le visuel du Caf\u00e9-philo au Codebar et la pr\u00e9sentation de la page d\u00e9di\u00e9e de <strong><a href=\"https:\/\/old.libradio.org\/?page_id=1494\" target=\"_blank\">Radio Noctambule<\/a><\/strong>.<br \/>\n&nbsp;<br \/>\nL&rsquo;on t&rsquo;es gr\u00e9 de partager l&rsquo;information plus loin! La synth\u00e8se sous l&rsquo;onglet: <strong><a href=\"https:\/\/old.libradio.org\/?page_id=1527\" target=\"_blank\">Radio Caf\u00e9-Philo<\/a><\/strong>.<br \/>\n&nbsp;<br \/>\n<a href=\"https:\/\/old.libradio.org\/wp-content\/uploads\/2015\/07\/CodAdts.final_.jpg\"><img decoding=\"async\" loading=\"lazy\" src=\"https:\/\/old.libradio.org\/wp-content\/uploads\/2015\/07\/CodAdts.final_-1024x564.jpg\" alt=\"CodAdts.final\" width=\"750\" height=\"413\" class=\"aligncenter size-large wp-image-1655\" srcset=\"https:\/\/old.libradio.org\/wp-content\/uploads\/2015\/07\/CodAdts.final_-1024x564.jpg 1024w, https:\/\/old.libradio.org\/wp-content\/uploads\/2015\/07\/CodAdts.final_-300x165.jpg 300w, https:\/\/old.libradio.org\/wp-content\/uploads\/2015\/07\/CodAdts.final_-600x330.jpg 600w, https:\/\/old.libradio.org\/wp-content\/uploads\/2015\/07\/CodAdts.final_.jpg 1678w\" sizes=\"(max-width: 750px) 100vw, 750px\" \/><\/a><br \/>\n&nbsp;<br \/>\n&nbsp;<br \/>\nAux insomniaques, aux noctambules, aux \u00ab\u00a0misanthropes\u00a0\u00bb aux grands coeurs; qui d\u00e9testent miroirs et reflets; qui n&rsquo;ont pour image qu&rsquo;une chim\u00e8re estomp\u00e9e, estropi\u00e9e. A celles et ceux qui n&rsquo;ont ni nom ni visage et qui pourtant ont bien une identit\u00e9; aux fragiles \u00e9clats de lune; incapable de rage; \u00e0 celles et ceux qui insupportent que l&rsquo;on abyme quiconque&#8230;de la mousse, \u00e0 la foug\u00e8re du moineau jusqu&rsquo;au mammouth.<br \/>\n&nbsp;<br \/>\nA celle et ceux qui se l\u00e8vent la nuit parce que, \u00e0 couvert, les mots surgissent qui r\u00e9v\u00e8lent les coeurs tendres et les passions int\u00e8gres.<br \/>\nAux allergiques de la force, aux \u00e9conduits de nos civilisations pr\u00e9datrices, brutales et tellement vaines&#8230; \u00e0 celles et ceux qui n&rsquo;ont aucune ambition, qui se cantonnent \u00e0 survivre, \u00e0 celles et ceux juste en vie. Et qui tentent de ne point nuire. Et qui  tentent quelques pas &#8230;<br \/>\n&nbsp;<br \/>\nRetrouvons nous de nuit, pour partager un mot, une vue de l&rsquo;esprit. Un \u00e9lan, une oasis. Un r\u00e9cit, un t\u00e9moignage de vie. Un morceau de po\u00e9sie, compos\u00e9es ou cueillie. Un bout de sois conjugu\u00e9 d&rsquo;autrui.<br \/>\n&nbsp;<br \/>\nRadio Noctambule; 01h-03h les jeudis. Un rendez-vous hebdomadaire, \u00e0 l&rsquo;or\u00e9e du silence, au creux de l&rsquo;obscurit\u00e9. De la radio \u00e0 la lueur des bougies. A la faveur de nos r\u00eaves et de nos utopies.<br \/>\n&nbsp;<br \/>\nRendez-vous par mail[alababane@lacomete.ch],  par tchat-url contre un message et par t\u00e9l\u00e9phone:077-420.62.04<br \/>\nEn direct; 01-03h www.libradio.org rubrique : Radio Noctambule.<\/p>\n","protected":false},"excerpt":{"rendered":"<p>LibrAdio rejoint ses quartiers d&rsquo;\u00e9t\u00e9. Au bois, il y fait frais. La brise y m\u00e8ne les mots du Caf\u00e9 Philo. Sans compter, libradio s&rsquo;y rend vendredi 31 d\u00e8s 18h. Une radio-\u00e9mission en direct et en public, en compagnie des h\u00f4tes du Codebar. Viens nous y rencontrer et peut-\u00eatre contribuer aux d\u00e9bats c\u00e9ans. &nbsp; Sans compter [&hellip;]<\/p>\n","protected":false},"author":2,"featured_media":0,"comment_status":"open","ping_status":"open","sticky":false,"template":"","format":"standard","meta":[],"categories":[],"tags":[],"_links":{"self":[{"href":"https:\/\/old.libradio.org\/index.php?rest_route=\/wp\/v2\/posts\/1654"}],"collection":[{"href":"https:\/\/old.libradio.org\/index.php?rest_route=\/wp\/v2\/posts"}],"about":[{"href":"https:\/\/old.libradio.org\/index.php?rest_route=\/wp\/v2\/types\/post"}],"author":[{"embeddable":true,"href":"https:\/\/old.libradio.org\/index.php?rest_route=\/wp\/v2\/users\/2"}],"replies":[{"embeddable":true,"href":"https:\/\/old.libradio.org\/index.php?rest_route=%2Fwp%2Fv2%2Fcomments&post=1654"}],"version-history":[{"count":6,"href":"https:\/\/old.libradio.org\/index.php?rest_route=\/wp\/v2\/posts\/1654\/revisions"}],"predecessor-version":[{"id":10259,"href":"https:\/\/old.libradio.org\/index.php?rest_route=\/wp\/v2\/posts\/1654\/revisions\/10259"}],"wp:attachment":[{"href":"https:\/\/old.libradio.org\/index.php?rest_route=%2Fwp%2Fv2%2Fmedia&parent=1654"}],"wp:term":[{"taxonomy":"category","embeddable":true,"href":"https:\/\/old.libradio.org\/index.php?rest_route=%2Fwp%2Fv2%2Fcategories&post=1654"},{"taxonomy":"post_tag","embeddable":true,"href":"https:\/\/old.libradio.org\/index.php?rest_route=%2Fwp%2Fv2%2Ftags&post=1654"}],"curies":[{"name":"wp","href":"https:\/\/api.w.org\/{rel}","templated":true}]}}