{"id":3417,"date":"2017-12-06T02:59:55","date_gmt":"2017-12-06T01:59:55","guid":{"rendered":"http:\/\/old.libradio.org\/?p=3417"},"modified":"2018-01-21T05:44:51","modified_gmt":"2018-01-21T04:44:51","slug":"la-greve-la-vie-est-a-nous","status":"publish","type":"post","link":"https:\/\/old.libradio.org\/?p=3417","title":{"rendered":"Gr\u00e8ves. La vie est \u00e0 nous!"},"content":{"rendered":"<p>&nbsp; <\/p>\n<hr>\n<p>La gr\u00e8ve, le temps des Utopies. Et pourquoi pas. Les gr\u00e8ves par essence sont d\u00e9fensives. Aux desseins de maintenir ou de r\u00e9parer d&rsquo;odieuses attaques contre les acquis sociaux. Elles sont une riposte et c&rsquo;est bien, mais, de notre point de vue, insuffisant. <\/p>\n<hr>\n<p>Car en face l&rsquo;on affronte de m\u00e9ticuleux et froids; cyniques et implacables agents du capitalisme. Organis\u00e9s. Opulents, arm\u00e9s et pr\u00eats. Sachons-le. Et une riposte est souvent attendue. Anticip\u00e9e, jaug\u00e9e, calibr\u00e9e, jusqu&rsquo;\u00e0 biais\u00e9e, influenc\u00e9e, contr\u00f4l\u00e9e et m\u00eame bris\u00e9e.ET ce ne sont pas des sursis auxquels l&rsquo;on aspire, \u00e7a ne puis \u00eatre que \u00e7a.<br \/>\n&nbsp;<\/p>\n<p>Ce les gr\u00e8ves ne sont pas que des gr\u00e8ves. Les gr\u00e8ves contiennent \u00e9galement autre chose.<br \/>\n&nbsp;<br \/>\n<a href=\"https:\/\/old.libradio.org\/wp-content\/uploads\/2017\/12\/ludogr\u00e8ve2.png\"><img decoding=\"async\" loading=\"lazy\" src=\"https:\/\/old.libradio.org\/wp-content\/uploads\/2017\/12\/ludogr\u00e8ve2-300x214.png\" alt=\"ludogr\u00e8ve2\" width=\"300\" height=\"214\" class=\"aligncenter size-medium wp-image-3443\" srcset=\"https:\/\/old.libradio.org\/wp-content\/uploads\/2017\/12\/ludogr\u00e8ve2-300x214.png 300w, https:\/\/old.libradio.org\/wp-content\/uploads\/2017\/12\/ludogr\u00e8ve2.png 536w\" sizes=\"(max-width: 300px) 100vw, 300px\" \/><\/a><br \/>\n&nbsp;&nbsp;&nbsp;&nbsp;<br \/>\n&nbsp;<\/p>\n<hr>\n<p>Des rapports humains exempts des ritournelles habituelles. Des d\u00e9cisions, des initiatives clairvoyantes, parfois romanesques, jamais timor\u00e9es, toujours audacieuses. Des pratiques anti-autoritaires et inclusives. Et une attention de, pour et avec tou\u00b7te\u00b7s. pour tout\u00b7e\u00b7s. Sans n&rsquo;ignorer quiconque et n&rsquo;\u00e9luder aucune situation.<br \/>\n&nbsp;<\/p>\n<hr>\n<p>Des us exploratoires. Des exp\u00e9rimentations et des tentatives. Des horizontalit\u00e9s et des mises en sommes de savoirs et d&rsquo;exp\u00e9riences. Des \u00e9changes fluides bienveillants et inclusifs. Une gr\u00e8ve peut changer le cours des choses et une gr\u00e8ve change les humains qui en sont. Imm\u00e9diatement. Alors, apprenons des gr\u00e8ves! Soignons-nos mobilisations et devenons ensemble insaisissables, incontr\u00f4lables; in\u00e9vitables! La Gr\u00e8ve, la vie est \u00e0 nous!<br \/>\n&nbsp;<\/p>\n<hr>\n<p>Voici les podcast de la Gr\u00e8ve, de l&rsquo;Assembl\u00e9e du Personnel et de la manif du jeudi 14.12.2017. Trois parties, deux relatant l&rsquo;Assembl\u00e9e du personnel houleuse et une troisi\u00e8me qui t\u00e9moigne de la condescendance des autorit\u00e9s dont l&rsquo;attitude arrogante et le d\u00e9ni des r\u00e9alit\u00e9s du terrain des m\u00e9tiers de la sant\u00e9, du social ent\u00e9rinent leur p\u00e2le trahison perp\u00e9tuelle. <\/p>\n<p>La lutte continue le 25.01.2018 des infos suivrons. Podcast \u00e0  faire passer tant ce qui y est \u00e9nonc\u00e9 est inqui\u00e9tant et en dit long&#8230; <\/p>\n<li><a href=\"http:\/\/audioblog.arteradio.com\/post\/3082448\/greve_14_12_2017__manif_et_discours\/\" target=\"_blank\">Manif, prises de paroles et retour de la d\u00e9l\u00e9gation re\u00e7ue au Conseil d&rsquo;\u00c9tat.<\/a><\/li>\n<li><a href=\"http:\/\/audioblog.arteradio.com\/post\/3082447\/greve_14_12_2017__ap-1\/\" target=\"_blank\">Assembl\u00e9 du Personnel. Part.1<\/a><\/li>\n<li><a href=\"http:\/\/audioblog.arteradio.com\/post\/3082446\/greve_14_12_2017__ap-2\/\" target=\"_blank\">Assembl\u00e9 du Personnel. Part 2.<\/a><\/li>\n<hr>\n<p>Voici les podcast de la Gr\u00e8ve et de la manif du 04.12.2017 \u00e0 Gen\u00e8ve. On remet \u00e7a le 14.120.2017 16h depuis le Palladium! Rejoins la vague! l&rsquo;abr\u00e9viation \u00ab\u00a0AP\u00a0\u00bb d\u00e9signe: Assembl\u00e9e du personnel.*<\/p>\n<li><a href=\"http:\/\/audioblog.arteradio.com\/post\/3082203\/greve_04_12_2017__ap-1\/\" target=\"_blank\">AP-1 du 04.12.2017-Palladium Gen\u00e8ve.<\/a><\/li>\n<li><a href=\"http:\/\/audioblog.arteradio.com\/post\/3082206\/greve_04_12_2017__ap-2\/\" target=\"_blank\">AP-2 du 04.12.2017-Palladium Gen\u00e8ve.<\/a><\/li>\n<li>M<a href=\"http:\/\/audioblog.arteradio.com\/post\/3082207\/greve_04_12_2017__manif_\/\" target=\"_blank\">anif et prises de parole suite \u00e0 la gr\u00e8ve du 04.12.2017.<\/a> <\/li>\n<p>&nbsp;<\/p>\n<hr>\n<p>*AP-Assembl\u00e9e du Personnel de la fonction publique et du secteur subventionn\u00e9 \u00e0 Gen\u00e8ve,le 04.12.2017, \u00e0 l&rsquo;aune d&rsquo;un mouvement social de masse, dont on attend beaucoup.<br \/>\n&nbsp;<\/p>\n<p>La d\u00e9fense des conventions collectives, des caisses de pension, des caisses de retraites. Surtout que l&rsquo;on nous fiche la paix avec l&rsquo;aust\u00e9rit\u00e9. Notion install\u00e9e et entretenue par des patrons pour museler quiconque tente de leur \u00e9chapper.<br \/>\n&nbsp;<\/p>\n<hr>\n<p>Si l&rsquo;on r\u00e9attribuait les sous d\u00e9tourn\u00e9s soit par des cadeaux fiscaux, soit via des collusions opaques et si l&rsquo;on redirigeait les sommes capt\u00e9es par les rentiers, les actionnaires, Qui ne produisent rien sinon des nuisances. l&rsquo;on fait le pari que de budgets il en existe. Chiche?!<\/p>\n<p>&nbsp;<\/p>\n<li>Mercredi 06.152.2017|Rassemblement \u00e0 la Treille d\u00e8s 17h.<\/li>\n<li>Jeudi 14.12.2017|Gr\u00e8ve de masse l&rsquo;apr\u00e8s-midi.<\/li>\n<p>&nbsp;<\/p>\n<hr>\n<p><a href=\"https:\/\/old.libradio.org\/wp-content\/uploads\/2017\/12\/grevepalad2.jpg\"><img decoding=\"async\" loading=\"lazy\" src=\"https:\/\/old.libradio.org\/wp-content\/uploads\/2017\/12\/grevepalad2-300x225.jpg\" alt=\"grevepalad2\" width=\"300\" height=\"225\" class=\"alignleft size-medium wp-image-3420\" srcset=\"https:\/\/old.libradio.org\/wp-content\/uploads\/2017\/12\/grevepalad2-300x225.jpg 300w, https:\/\/old.libradio.org\/wp-content\/uploads\/2017\/12\/grevepalad2-600x450.jpg 600w, https:\/\/old.libradio.org\/wp-content\/uploads\/2017\/12\/grevepalad2.jpg 800w\" sizes=\"(max-width: 300px) 100vw, 300px\" \/><\/a><br \/>\n&nbsp;<br \/>\n\n\t\t<style type=\"text\/css\">\n\t\t\t#gallery-1 {\n\t\t\t\tmargin: auto;\n\t\t\t}\n\t\t\t#gallery-1 .gallery-item {\n\t\t\t\tfloat: left;\n\t\t\t\tmargin-top: 10px;\n\t\t\t\ttext-align: center;\n\t\t\t\twidth: 50%;\n\t\t\t}\n\t\t\t#gallery-1 img {\n\t\t\t\tborder: 2px solid #cfcfcf;\n\t\t\t}\n\t\t\t#gallery-1 .gallery-caption {\n\t\t\t\tmargin-left: 0;\n\t\t\t}\n\t\t\t\/* see gallery_shortcode() in wp-includes\/media.php *\/\n\t\t<\/style>\n\t\t<div id='gallery-1' class='gallery galleryid-3417 gallery-columns-2 gallery-size-medium'><dl class='gallery-item'>\n\t\t\t<dt class='gallery-icon landscape'>\n\t\t\t\t<a href='https:\/\/old.libradio.org\/?attachment_id=3456#main'><img width=\"300\" height=\"155\" src=\"https:\/\/old.libradio.org\/wp-content\/uploads\/2017\/12\/manif14122017.1.1jpg-300x155.jpg\" class=\"attachment-medium size-medium\" alt=\"\" decoding=\"async\" loading=\"lazy\" srcset=\"https:\/\/old.libradio.org\/wp-content\/uploads\/2017\/12\/manif14122017.1.1jpg-300x155.jpg 300w, https:\/\/old.libradio.org\/wp-content\/uploads\/2017\/12\/manif14122017.1.1jpg-600x309.jpg 600w, https:\/\/old.libradio.org\/wp-content\/uploads\/2017\/12\/manif14122017.1.1jpg.jpg 800w\" sizes=\"(max-width: 300px) 100vw, 300px\" \/><\/a>\n\t\t\t<\/dt><\/dl><dl class='gallery-item'>\n\t\t\t<dt class='gallery-icon landscape'>\n\t\t\t\t<a href='https:\/\/old.libradio.org\/?attachment_id=3457#main'><img width=\"300\" height=\"225\" src=\"https:\/\/old.libradio.org\/wp-content\/uploads\/2017\/12\/manif14122017.21-300x225.jpg\" class=\"attachment-medium size-medium\" alt=\"\" decoding=\"async\" loading=\"lazy\" srcset=\"https:\/\/old.libradio.org\/wp-content\/uploads\/2017\/12\/manif14122017.21-300x225.jpg 300w, https:\/\/old.libradio.org\/wp-content\/uploads\/2017\/12\/manif14122017.21-600x450.jpg 600w, https:\/\/old.libradio.org\/wp-content\/uploads\/2017\/12\/manif14122017.21.jpg 800w\" sizes=\"(max-width: 300px) 100vw, 300px\" \/><\/a>\n\t\t\t<\/dt><\/dl><br style=\"clear: both\" \/><dl class='gallery-item'>\n\t\t\t<dt class='gallery-icon landscape'>\n\t\t\t\t<a href='https:\/\/old.libradio.org\/?attachment_id=3458#main'><img width=\"300\" height=\"225\" src=\"https:\/\/old.libradio.org\/wp-content\/uploads\/2017\/12\/manif14122017.3.1-300x225.jpg\" class=\"attachment-medium size-medium\" alt=\"\" decoding=\"async\" loading=\"lazy\" srcset=\"https:\/\/old.libradio.org\/wp-content\/uploads\/2017\/12\/manif14122017.3.1-300x225.jpg 300w, https:\/\/old.libradio.org\/wp-content\/uploads\/2017\/12\/manif14122017.3.1-600x450.jpg 600w, https:\/\/old.libradio.org\/wp-content\/uploads\/2017\/12\/manif14122017.3.1.jpg 800w\" sizes=\"(max-width: 300px) 100vw, 300px\" \/><\/a>\n\t\t\t<\/dt><\/dl><dl class='gallery-item'>\n\t\t\t<dt class='gallery-icon landscape'>\n\t\t\t\t<a href='https:\/\/old.libradio.org\/?attachment_id=3459#main'><img width=\"300\" height=\"225\" src=\"https:\/\/old.libradio.org\/wp-content\/uploads\/2017\/12\/manif14122017.4.1jpg-300x225.jpg\" class=\"attachment-medium size-medium\" alt=\"\" decoding=\"async\" loading=\"lazy\" srcset=\"https:\/\/old.libradio.org\/wp-content\/uploads\/2017\/12\/manif14122017.4.1jpg-300x225.jpg 300w, https:\/\/old.libradio.org\/wp-content\/uploads\/2017\/12\/manif14122017.4.1jpg-600x450.jpg 600w, https:\/\/old.libradio.org\/wp-content\/uploads\/2017\/12\/manif14122017.4.1jpg.jpg 800w\" sizes=\"(max-width: 300px) 100vw, 300px\" \/><\/a>\n\t\t\t<\/dt><\/dl><br style=\"clear: both\" \/>\n\t\t<\/div>\n<\/p>\n","protected":false},"excerpt":{"rendered":"<p>&nbsp; La gr\u00e8ve, le temps des Utopies. Et pourquoi pas. Les gr\u00e8ves par essence sont d\u00e9fensives. Aux desseins de maintenir ou de r\u00e9parer d&rsquo;odieuses attaques contre les acquis sociaux. Elles sont une riposte et c&rsquo;est bien, mais, de notre point de vue, insuffisant. Car en face l&rsquo;on affronte de m\u00e9ticuleux et froids; cyniques et implacables [&hellip;]<\/p>\n","protected":false},"author":2,"featured_media":0,"comment_status":"open","ping_status":"open","sticky":false,"template":"","format":"standard","meta":[],"categories":[],"tags":[],"_links":{"self":[{"href":"https:\/\/old.libradio.org\/index.php?rest_route=\/wp\/v2\/posts\/3417"}],"collection":[{"href":"https:\/\/old.libradio.org\/index.php?rest_route=\/wp\/v2\/posts"}],"about":[{"href":"https:\/\/old.libradio.org\/index.php?rest_route=\/wp\/v2\/types\/post"}],"author":[{"embeddable":true,"href":"https:\/\/old.libradio.org\/index.php?rest_route=\/wp\/v2\/users\/2"}],"replies":[{"embeddable":true,"href":"https:\/\/old.libradio.org\/index.php?rest_route=%2Fwp%2Fv2%2Fcomments&post=3417"}],"version-history":[{"count":28,"href":"https:\/\/old.libradio.org\/index.php?rest_route=\/wp\/v2\/posts\/3417\/revisions"}],"predecessor-version":[{"id":3516,"href":"https:\/\/old.libradio.org\/index.php?rest_route=\/wp\/v2\/posts\/3417\/revisions\/3516"}],"wp:attachment":[{"href":"https:\/\/old.libradio.org\/index.php?rest_route=%2Fwp%2Fv2%2Fmedia&parent=3417"}],"wp:term":[{"taxonomy":"category","embeddable":true,"href":"https:\/\/old.libradio.org\/index.php?rest_route=%2Fwp%2Fv2%2Fcategories&post=3417"},{"taxonomy":"post_tag","embeddable":true,"href":"https:\/\/old.libradio.org\/index.php?rest_route=%2Fwp%2Fv2%2Ftags&post=3417"}],"curies":[{"name":"wp","href":"https:\/\/api.w.org\/{rel}","templated":true}]}}