{"id":7633,"date":"2019-11-23T23:52:58","date_gmt":"2019-11-23T22:52:58","guid":{"rendered":"http:\/\/old.libradio.org\/?p=7633"},"modified":"2019-12-09T03:16:43","modified_gmt":"2019-12-09T02:16:43","slug":"block-friday","status":"publish","type":"post","link":"https:\/\/old.libradio.org\/?p=7633","title":{"rendered":"Block Friday"},"content":{"rendered":"<hr>\n<p>A l&rsquo;aune du 29 novembre 2019. Une triste c\u00e9l\u00e9bration consacre le monde capitaliste marchand occidental. Le Vendredi noir, \u00ab\u00a0noir de monde\u00a0\u00bb pour les masses qu&rsquo;il convoque et m\u00e8ne aux temples du consum\u00e9risme par des atours avantageux \u00e0 tout le moins en apparence. Ce vendredi suivant le Thanksgiving anglo-saxon, sonne la trompette des achats de fin d&rsquo;ann\u00e9e.<br \/>\n&nbsp;<br \/>\nQu&rsquo;importent les sommes, faramineuses* qui sont engrang\u00e9es. Qu&rsquo;importent les conditions des personnes qui se pressent aux \u00e9tals \u00e0 l&rsquo;assaut de marchandises dont on sait les r\u00e9ductions suspectes, souvent abusives du prix. Qu&rsquo;importe.<br \/>\n<a href=\"https:\/\/old.libradio.org\/wp-content\/uploads\/2019\/11\/bl1.jpg\"><img decoding=\"async\" loading=\"lazy\" src=\"https:\/\/old.libradio.org\/wp-content\/uploads\/2019\/11\/bl1-300x213.jpg\" alt=\"\" width=\"300\" height=\"213\" class=\"aligncenter size-medium wp-image-7653\" srcset=\"https:\/\/old.libradio.org\/wp-content\/uploads\/2019\/11\/bl1-300x213.jpg 300w, https:\/\/old.libradio.org\/wp-content\/uploads\/2019\/11\/bl1-768x546.jpg 768w, https:\/\/old.libradio.org\/wp-content\/uploads\/2019\/11\/bl1-600x427.jpg 600w, https:\/\/old.libradio.org\/wp-content\/uploads\/2019\/11\/bl1.jpg 882w\" sizes=\"(max-width: 300px) 100vw, 300px\" \/><\/a><br \/>\n&nbsp;<br \/>\nCe qui surgit et qui frappe c&rsquo;est l&rsquo;abandon de soi. Son auto-\u00e9viction. Non qu&rsquo;il faille d\u00e9ambuler inhib\u00e9 et raide dans une asc\u00e8se politique ou philosophique. Calviniste certainement pas. L&rsquo;on dit ici: abandon de soi, d&rsquo;une conscience critique, d&rsquo;actes rationnels dont on mesure les contenus, les implications et les cons\u00e9quences.<br \/>\n&nbsp;<br \/>\nCe jour noir, pour noir de monde, s&rsquo;il ne contient aucune vertus, combine de nombreux vices. Attelons-nous aux conditions de travail des personnels de vente. Rappelons qui produit ces objets et pourquoi sont-ils l\u00e0, \u00e0 des prix pseudo-r\u00e9duits.<br \/>\n<a href=\"https:\/\/old.libradio.org\/wp-content\/uploads\/2019\/11\/Cli2.png\"><img decoding=\"async\" loading=\"lazy\" src=\"https:\/\/old.libradio.org\/wp-content\/uploads\/2019\/11\/Cli2-216x300.png\" alt=\"\" width=\"216\" height=\"300\" class=\"aligncenter size-medium wp-image-7638\" srcset=\"https:\/\/old.libradio.org\/wp-content\/uploads\/2019\/11\/Cli2-216x300.png 216w, https:\/\/old.libradio.org\/wp-content\/uploads\/2019\/11\/Cli2-600x831.png 600w, https:\/\/old.libradio.org\/wp-content\/uploads\/2019\/11\/Cli2.png 648w\" sizes=\"(max-width: 216px) 100vw, 216px\" \/><\/a><br \/>\n&nbsp;<br \/>\nRejoins le BLOCK Friday, d\u00e9nonce l&rsquo;hyper-consum\u00e9risme et le consum\u00e9risme tout court. Renonce aux rues clinquantes et aux boutiques opulentes. Ce n&rsquo;est l\u00e0 que fa\u00e7ade aux devers mal\u00e9fiques. Recouvre tes moyens et ta conduite. Personne ne doit te mener aux pi\u00e8ges ni entrer au fond de toi. Soi debout. D\u00e9cide. Et quitte le vieux monde de la surproduction, de la surconsommation, du surendettement et des d\u00e9chets par milliers!<br \/>\n&nbsp;<br \/>\n<font size=\"2\">L&rsquo;imposture des super-march\u00e9s. Une vid\u00e9o du \u00ab\u00a0Chat sceptique\u00a0\u00bb. Encore et encore; \u00ab\u00a0les super-march\u00e9s ne sont pas ton ami\u00a0\u00bb.<\/font><br \/>\n<iframe loading=\"lazy\" width=\"400\" height=\"255\" src=\"https:\/\/www.youtube.com\/embed\/_WgZImUgryI\" frameborder=\"0\" allow=\"accelerometer; autoplay; encrypted-media; gyroscope; picture-in-picture\" allowfullscreen><\/iframe><br \/>\n&nbsp;<br \/>\nDe nombreuses actions \u00e9mailleront le vendredi 29 novembre en Suisse et notamment en Suisse romande. A Gen\u00e8ve rejoins d\u00e8s 10h \u00e0 Uni Mail des actions et stands critiques et bienveillants. L&rsquo;on y parle, y danse, y chante nos aspirations et les utopies op\u00e9rationnelles qui viennent.<br \/>\n&nbsp;<br \/>\nPuis \u00e0 19h un d\u00e9fil\u00e9 prend son d\u00e9part au Jardin anglais qui d\u00e9ambulera jusqu&rsquo;\u00e0 l&rsquo;Esplanade St Antoine. Ensuite une soir\u00e9e profonde au Nadir, l&rsquo;espace autog\u00e9r\u00e9 des \u00e9tudiantes \u00e0 Uni Mail nous m\u00e8nera \u00e0 une soupe. Et nous deviserons autour de cette journ\u00e9e vol\u00e9e gratuitement aux griffes de l&rsquo;industrie mercantile et de leurs propagandes envahissantes, intrusives, anxiog\u00e8nes et d\u00e9l\u00e9t\u00e8res.<br \/>\n&nbsp;<\/p>\n<li>Podcast de l&rsquo;entretien avec deux personnes impliqu\u00e9es dans l&rsquo;organisation horizontale et transversale. [En cour de r\u00e9-\u00e9coute en vue de publication]<\/li>\n<p><a href=\"https:\/\/old.libradio.org\/wp-content\/uploads\/2019\/11\/Cli_Master.mp3\"><strong>\u00c9coute et T\u00e9l\u00e9chargement<\/strong><\/a><\/p>\n<li>Entretien en marge de la manif avec Vlad membre de BreakFree. Luttes et modalit\u00e9s, comment simultan\u00e9ment dire et faire pour sortir de l&rsquo;impasse. Discours critiques et actions non-violentes de d\u00e9sob\u00e9issances civiles. <\/li>\n<p><a href=\"https:\/\/old.libradio.org\/wp-content\/uploads\/2019\/11\/Entretien-avec-Vlad.mp3\"><strong>\u00c9coute et T\u00e9l\u00e9chargement<\/strong><\/a><\/p>\n<li>Entretien avec des membres de \u00ab\u00a0Convergence des Luttes\u00a0\u00bb, mouvement de lutte sociale transversal et offensif. Quelles luttes contre qui, pourquoi et pour qui. Alliances et convergences, comment se rassembler autour de sensibilit\u00e9s communes et pas que.<\/li>\n<p><a href=\"https:\/\/old.libradio.org\/wp-content\/uploads\/2019\/11\/Entretien-Block-Friday-3.mp3\"><strong>\u00c9coute et T\u00e9l\u00e9chargement<\/strong><\/a><\/p>\n<li>Prises de paroles au terme de la manifestation Block Friday, esplanade St-Antoine \u00e0 Gen\u00e8ve. Plus de 40 collectifs-mouvements \u00e0 lappel \u00e0 mobilisation du Block Friday. Luttes locales, solidarit\u00e9 internationale!<\/li>\n<p><a href=\"https:\/\/old.libradio.org\/wp-content\/uploads\/2019\/11\/Prise-de-paroles-Block-Friday.mp3\"><strong>\u00c9coute et T\u00e9l\u00e9chargement<\/strong><\/a><\/p>\n<li>Atmosph\u00e8re, slogans et musiques \u00e9parses. Le cort\u00e8ge en feu de la manif Block Friday. [A \u00e9couter au casque et bien \u00e0 fond les ballons].<\/li>\n<p><a href=\"https:\/\/old.libradio.org\/wp-content\/uploads\/2019\/11\/BlackAtmosphere_Master.mp3\"><strong>\u00c9coute et T\u00e9l\u00e9chargement<\/strong><\/a><\/p>\n<hr>\n<p>Atmosph\u00e8re et slogans dans la manif<br \/>\n_Travaille, consomme et ferme ta gueule\u00a0!<br \/>\n_Gen\u00e8ve debout, soul\u00e8ve toi\u00a0!<br \/>\n_Changer la musique et le syst\u00e8me<br \/>\n_Tout le monde d\u00e9teste la police<br \/>\n_Ah anti anticapitalista<br \/>\n_Siamo tutti\/e antifascisti\/e<br \/>\n_Et un et deux et trois degr\u00e9s, c&rsquo;est un crime contre l&rsquo;humanit\u00e9\/le monde entier.<br \/>\n_Gen\u00e8ve Gen\u00e8ve, antifa<br \/>\n_Plan\u00e8te en col\u00e8re<br \/>\n_Belle Ciao<br \/>\n_Medley<br \/>\n&nbsp;<br \/>\nMusiques<br \/>\n_Metal\u00a0Guitar Stuff: Desecreation Part 2<br \/>\n_Rage angainst the Machine\u00a0: Know your ennemy<br \/>\n_AC\/DC\u00a0: Thunderstruck<br \/>\n_AC\/DC\u00a0: Hells Bells<br \/>\n_Pink Floyd\u00a0: Another brick in the wall<br \/>\n&nbsp;<\/p>\n<ol>\nLIENS ACCOL\u00c9S<br \/>\n[https:\/\/www.facebook.com\/GreveDuClimatGeneve\/]<br \/>\n[http:\/\/www.climatestrike.ch\/]<br \/>\n[<a href=\"https:\/\/www.youtube.com\/channel\/UC7AczFdIsYBpMOMrGE_AGqg\" rel=\"noopener\" target=\"_blank\">Gr\u00e8ve du Climat-Gen\u00e8ve. Youtoub<\/a>]<br \/>\n[https:\/\/fr.wikipedia.org\/wiki\/Black_Friday_(shopping)]<br \/>\n<u>*Les commer\u00e7ants s&rsquo;attendaient \u00e0 ce que les Suisses d\u00e9pensent quelque 440 millions de francs le jour de l&rsquo;\u00e9v\u00e9nement.<\/u><br \/>\n[<a href=\"https:\/\/www.youtube.com\/channel\/UCOuIgj0CYCXCvjWywjDbauw\" rel=\"noopener\" target=\"_blank\">Le Chat sceptique<\/a>]<br \/>\n<a href=\"https:\/\/old.libradio.org\/wp-content\/uploads\/2019\/11\/Cli1.png\"><img decoding=\"async\" loading=\"lazy\" src=\"https:\/\/old.libradio.org\/wp-content\/uploads\/2019\/11\/Cli1-300x300.png\" alt=\"\" width=\"300\" height=\"300\" class=\"aligncenter size-medium wp-image-7636\" srcset=\"https:\/\/old.libradio.org\/wp-content\/uploads\/2019\/11\/Cli1-300x300.png 300w, https:\/\/old.libradio.org\/wp-content\/uploads\/2019\/11\/Cli1-150x150.png 150w, https:\/\/old.libradio.org\/wp-content\/uploads\/2019\/11\/Cli1-768x765.png 768w, https:\/\/old.libradio.org\/wp-content\/uploads\/2019\/11\/Cli1-600x597.png 600w, https:\/\/old.libradio.org\/wp-content\/uploads\/2019\/11\/Cli1.png 888w\" sizes=\"(max-width: 300px) 100vw, 300px\" \/><\/a>\n<\/ol>\n<p>&nbsp;<br \/>\n<strong>COMMUNIQU\u00c9 DE LA CONVERGENCE DES LUTTES CONTRE LE BLACK FRIDAY-GEN\u00c8VE<\/strong><\/p>\n<hr>\n<p>&nbsp;<br \/>\n\u00ab\u00a0Alors que l&rsquo;urgence climatique et sociale fait rage, conscient-e-x-s de la gravit\u00e9 de la situation, r\u00e9volt\u00e9-e-x-s contre la violence de ce syst\u00e8me, anim\u00e9-e-x-s par la volont\u00e9 de construire un monde \u00e9galitaire et harmonieux, nous, personnes et collectifs aux sensibilit\u00e9s diff\u00e9rentes mais d\u00e9termin\u00e9-e-x-s \u00e0 combattre toutes les oppressions, appelons au rassemblement pour amorcer ensemble une r\u00e9sistance visible.<br \/>\n&nbsp;<br \/>\n<u>Le Black Friday, qui aura lieu le vendredi 29 novembre, symbolise les pires aspects d\u2019un syst\u00e8me que nous d\u00e9non\u00e7ons.<\/u><br \/>\n&nbsp;<br \/>\nUn syst\u00e8me injuste qui opprime et d\u00e9truit au profit des plus privil\u00e9gi\u00e9-e-x-s, qui impose une surconsommation de biens dont la production, le transport, l\u2019emballage et le marketing ont un co\u00fbt insoutenable pour l&rsquo;environnement, qui pr\u00e9carise les travailleur-x-euse-s au sud comme au nord et impacte les femmes et les migrant-x-e-s de mani\u00e8re disproportionn\u00e9e.<br \/>\n&nbsp;<br \/>\nIl accapare les terres, les ressources, les vies et le temps. Il pousse la course \u00e0 la consommation bon march\u00e9 dans des conditions qui fragilisent un peu plus la dignit\u00e9 des personnes et limite les choix des foyers en terme d&rsquo;\u00e9ducation, d&rsquo;acc\u00e8s \u00e0 la culture, d&rsquo;alimentation, de sant\u00e9 ou de consommation responsable.<br \/>\n<a href=\"https:\/\/old.libradio.org\/wp-content\/uploads\/2019\/11\/bl3.jpg\"><img decoding=\"async\" loading=\"lazy\" src=\"https:\/\/old.libradio.org\/wp-content\/uploads\/2019\/11\/bl3-300x300.jpg\" alt=\"\" width=\"300\" height=\"300\" class=\"aligncenter size-medium wp-image-7655\" srcset=\"https:\/\/old.libradio.org\/wp-content\/uploads\/2019\/11\/bl3-300x300.jpg 300w, https:\/\/old.libradio.org\/wp-content\/uploads\/2019\/11\/bl3-150x150.jpg 150w, https:\/\/old.libradio.org\/wp-content\/uploads\/2019\/11\/bl3-768x768.jpg 768w, https:\/\/old.libradio.org\/wp-content\/uploads\/2019\/11\/bl3-600x600.jpg 600w, https:\/\/old.libradio.org\/wp-content\/uploads\/2019\/11\/bl3.jpg 960w\" sizes=\"(max-width: 300px) 100vw, 300px\" \/><\/a><br \/>\n&nbsp;<br \/>\nLe Black Friday n\u2019est qu\u2019une journ\u00e9e, une goutte d\u2019eau pourtant embl\u00e9matique de ce mod\u00e8le contre lequel nous nous organisons, face auquel nous construisons des alternatives solidaires bas\u00e9es sur la justice climatique et sociale.<br \/>\n&nbsp;<br \/>\nAu-del\u00e0 de nos diff\u00e9rences de genre, d\u2019\u00e2ge, de classe, d\u2019origines sociales, g\u00e9ographiques ou politiques, nous avons en commun la conviction que la pr\u00e9carit\u00e9, le racisme, le sexisme, le capitalisme et les multiples exploitations des travailleur-x-euse-s et de la plan\u00e8te ne sont pas in\u00e9vitables.<br \/>\n&nbsp;<br \/>\n<u>Le 29 novembre marque un tournant dans l\u2019organisation horizontale de nos mouvements que nous voulons forts, unis, intersectionnels et solidaires.<\/u><br \/>\n&nbsp;<br \/>\nNous appelons \u00e0 la mobilisation et \u00e0 la diversit\u00e9 d\u2019expression face aux violences syst\u00e9miques, \u00e0 la dictature des marques qui pr\u00e9tendent d\u00e9tenir les normes de nos corps et les cl\u00e9s de nos bonheurs, aux institutions qui lib\u00e8rent le flux des biens et limitent celui des droits et des personnes.<br \/>\n&nbsp;<br \/>\nNous encourageons et soutiendrons toutes les actions de lutte, dans le respect de nos diff\u00e9rences de perspectives, de strat\u00e9gies et de moyens contre les oppressions v\u00e9hicul\u00e9es par le Black Friday et en faveur d&rsquo;un syst\u00e8me juste et durable. Nous vous souhaitons une apr\u00e8s-midi cr\u00e9ative et cr\u00e9atrice!<br \/>\n&nbsp;<br \/>\nEnfin, nous invitons tout le monde \u00e0 se joindre au pique nique et \u00e0 la manifestation nocturne organis\u00e9 par la Gr\u00e8ve du Climat le 29 novembre. (Stands d&rsquo;information: Unimail de 10h \u00e0 14h, pique-nique \u00e0 12h &#8211; D\u00e9part manifestation: Jardin Anglais \u00e0 19h).<br \/>\n&nbsp;<br \/>\nLa Convergence des Luttes contre le Black Friday &#8211; Gen\u00e8ve.<br \/>\n<a href=\"https:\/\/old.libradio.org\/wp-content\/uploads\/2019\/11\/bl2.jpg\"><img decoding=\"async\" loading=\"lazy\" src=\"https:\/\/old.libradio.org\/wp-content\/uploads\/2019\/11\/bl2-300x220.jpg\" alt=\"\" width=\"300\" height=\"220\" class=\"aligncenter size-medium wp-image-7654\" srcset=\"https:\/\/old.libradio.org\/wp-content\/uploads\/2019\/11\/bl2-300x220.jpg 300w, https:\/\/old.libradio.org\/wp-content\/uploads\/2019\/11\/bl2-768x564.jpg 768w, https:\/\/old.libradio.org\/wp-content\/uploads\/2019\/11\/bl2-600x440.jpg 600w, https:\/\/old.libradio.org\/wp-content\/uploads\/2019\/11\/bl2.jpg 872w\" sizes=\"(max-width: 300px) 100vw, 300px\" \/><\/a><br \/>\n&nbsp;<br \/>\n<font size=\"2\">Le tourisme du pire. 21 septembre \u00e0 Gen\u00e8ve. Ballade p\u00e9dagogique et ludique interrompue \u00e0 maintes reprises par la police mena\u00e7ante et pr\u00e9sente en force de mani\u00e8re totalement disproportionn\u00e9e.<\/font><br \/>\n<iframe loading=\"lazy\" width=\"450\" height=\"255\" src=\"https:\/\/www.youtube.com\/embed\/2bSBD-n4GR4\" frameborder=\"0\" allow=\"accelerometer; autoplay; encrypted-media; gyroscope; picture-in-picture\" allowfullscreen><\/iframe><br \/>\n&nbsp;<br \/>\n&nbsp;<br \/>\n&nbsp;<\/p>\n","protected":false},"excerpt":{"rendered":"<p>A l&rsquo;aune du 29 novembre 2019. Une triste c\u00e9l\u00e9bration consacre le monde capitaliste marchand occidental. Le Vendredi noir, \u00ab\u00a0noir de monde\u00a0\u00bb pour les masses qu&rsquo;il convoque et m\u00e8ne aux temples du consum\u00e9risme par des atours avantageux \u00e0 tout le moins en apparence. Ce vendredi suivant le Thanksgiving anglo-saxon, sonne la trompette des achats de fin [&hellip;]<\/p>\n","protected":false},"author":2,"featured_media":0,"comment_status":"open","ping_status":"open","sticky":false,"template":"","format":"standard","meta":[],"categories":[],"tags":[],"_links":{"self":[{"href":"https:\/\/old.libradio.org\/index.php?rest_route=\/wp\/v2\/posts\/7633"}],"collection":[{"href":"https:\/\/old.libradio.org\/index.php?rest_route=\/wp\/v2\/posts"}],"about":[{"href":"https:\/\/old.libradio.org\/index.php?rest_route=\/wp\/v2\/types\/post"}],"author":[{"embeddable":true,"href":"https:\/\/old.libradio.org\/index.php?rest_route=\/wp\/v2\/users\/2"}],"replies":[{"embeddable":true,"href":"https:\/\/old.libradio.org\/index.php?rest_route=%2Fwp%2Fv2%2Fcomments&post=7633"}],"version-history":[{"count":25,"href":"https:\/\/old.libradio.org\/index.php?rest_route=\/wp\/v2\/posts\/7633\/revisions"}],"predecessor-version":[{"id":7743,"href":"https:\/\/old.libradio.org\/index.php?rest_route=\/wp\/v2\/posts\/7633\/revisions\/7743"}],"wp:attachment":[{"href":"https:\/\/old.libradio.org\/index.php?rest_route=%2Fwp%2Fv2%2Fmedia&parent=7633"}],"wp:term":[{"taxonomy":"category","embeddable":true,"href":"https:\/\/old.libradio.org\/index.php?rest_route=%2Fwp%2Fv2%2Fcategories&post=7633"},{"taxonomy":"post_tag","embeddable":true,"href":"https:\/\/old.libradio.org\/index.php?rest_route=%2Fwp%2Fv2%2Ftags&post=7633"}],"curies":[{"name":"wp","href":"https:\/\/api.w.org\/{rel}","templated":true}]}}